{"id":24532,"date":"2021-12-16T08:00:00","date_gmt":"2021-12-16T08:00:00","guid":{"rendered":"https:\/\/blog.housfy.com\/blog\/?p=24532"},"modified":"2022-07-28T14:09:12","modified_gmt":"2022-07-28T14:09:12","slug":"regulacion-de-los-alquileres-en-cataluna","status":"publish","type":"post","link":"https:\/\/housfy.com\/blog\/regulacion-de-los-alquileres-en-cataluna\/","title":{"rendered":"Regulaci\u00f3n de los alquileres en Catalu\u00f1a"},"content":{"rendered":"\n<p>Para muchos ciudadanos, acceder a una vivienda de alquiler sigue siendo complicado, especialmente para los m\u00e1s j\u00f3venes que buscan independizarse. Pero no solo ellos, sino que muchas familias no pueden hacer frente al elevado coste de un arrendamiento. Es por eso que el Govern de Catalunya ha planteado la regulaci\u00f3n de los alquileres por ley  en las zonas m\u00e1s tensionadas de la comunidad aut\u00f3noma. Si est\u00e1s pensando en <a href=\"https:\/\/housfy.com\/alquileres\"><strong>alquilar un piso<\/strong><\/a>, sigue leyendo este art\u00edculo.<\/p>\n\n\n\n<div\r\n\t\t\t\tid=\"hustle-embedded-id-14\"\r\n\t\t\t\tclass=\"hustle-ui hustle-inline hustle-palette--gray_slate hustle_module_id_14 module_id_14   hustle-size--custom\"\r\n\t\t\t\t\r\n\t\t\tdata-id=\"14\"\r\n\t\t\tdata-render-id=\"0\"\r\n\t\t\tdata-tracking=\"disabled\"\r\n\t\t\t\r\n\t\t\t\tdata-intro=\"no_animation\"\r\n\t\t\t\tdata-sub-type=\"shortcode\"\r\n\t\t\t\t\r\n\t\t\t\tstyle=\"opacity: 0;\"\r\n\t\t\t\taria-label=\"Alquila tu piso y olv\u00eddate de las preocupaciones popup\"\r\n\t\t\t><div class=\"hustle-inline-content\"><div class=\"hustle-info hustle-info--compact\"><div class=\"hustle-main-wrapper\"><div class=\"hustle-layout\"><div class=\"hustle-content\"><div class=\"hustle-content-wrap\"><div class=\"hustle-group-title\"><h3 class=\"hustle-title\">Alquila tu piso y olv\u00eddate de las preocupaciones<\/h3><h4 class=\"hustle-subtitle\">Gestiona cada aspecto del alquiler desde tu \u00e1rea privada MyHousfy<\/h4><\/div><div class=\"hustle-cta-container\"><a class=\"hustle-button hustle-button-cta \" href=\"https:\/\/housfy.com\/alquileres?utm_source=traffic_CTABanner_Embed_blog&#038;utm_medium=CTABanner&#038;utm_campaign=CTABanner_Embed_alquileres_blog&#038;utm_term=alquileres_CTABanner_Embed_blog\" target=\"_blank\" data-cta-type=\"cta\">INF\u00d3RMATE GRATIS<\/a><\/div><\/div><\/div><\/div><\/div><\/div><\/div><\/div>\n\n\n\n<h2 class=\"wp-block-heading\">Ley de Limitaci\u00f3n del precio del alquiler<\/h2>\n\n\n\n<p>El 22 de septiembre de 2020 se puso en marcha el \u00edndice de referencia de precios de alquiler, recogido en la Ley 11\/2020, con el objetivo de<strong> regularizar el precio del alquiler<\/strong> en Barcelona, sobre las medidas urgentes en materia de contenci\u00f3n de rentas en los contratos de alquiler. Esta ley se aplica a los nuevos contratos de arrendamiento de residencia permanente, si la vivienda se encuentra en una de las zonas declaradas como mercado de vivienda tenso (m\u00e1s adelante detallaremos cu\u00e1les son).<\/p>\n\n\n\n<p>El 18 de septiembre de 2021, adem\u00e1s, el Ayuntamiento de Barcelona aprob\u00f3 otras medidas basadas en esta misma ley que aportan nuevos cambios en ella. Esta ley tiene como objetivo<strong> evitar las subidas abusivas<\/strong> que se han producido en los \u00faltimos a\u00f1os, estableciendo unos topes m\u00e1ximos basados en el \u00edndice de referencia de precios del alquiler.<\/p>\n\n\n\n<h2 class=\"wp-block-heading\">\u00bfA qu\u00e9 municipios afecta la regulaci\u00f3n de alquileres?<\/h2>\n\n\n\n<p>Esta ley afecta a sesenta municipios del territorio catal\u00e1n, declarados como <strong>\u201czonas con mercado de vivienda tenso\u201d<\/strong>. En estos municipios la regulaci\u00f3n se aplica de manera autom\u00e1tica durante un a\u00f1o desde la entrada en vigor de esta ley, como m\u00ednimo.<\/p>\n\n\n\n<p>[irp posts=\u00bb18622&#8243; name=\u00bb\u00bfC\u00f3mo solicitar un alquiler social en 2022?\u00bb]<\/p>\n\n\n\n<p>Estos municipios son: Badalona, Barber\u00e0 del Vall\u00e8s, Barcelona, Blanes, Calafell, Castellar del Vall\u00e9s, Castelldefels, Cerdanyola del Vall\u00e8s, Cornell\u00e0 de Llobregat, Esplugues de Llobregat, Figueres, Gav\u00e0, Girona, Granollers, L\u2019Hospitalet de Llobregat, Igualada, Lleida, Manlleu, Manresa, Martorell, El Masnou, Matar\u00f3, Molins de Rei, Montcada i Reixac, Montgat, Olesa de Montserrat, Olot, Palafrugell, Pallej\u00e0, Pineda, El Prat de Llobregat, Premi\u00e0 de Mar, Reus, Ripollet, Rub\u00ed, Sabadell, Salou, Salt, Sant Adri\u00e0 del Bes\u00f2s, Sant Andreu de la Barca, Sant Boi de Llobregat, Sant Cugat del Vall\u00e8s, Sant Feliu de Gu\u00edxols, Sant Feliu de Llobregat, Sant Joan Desp\u00ed, Sant Just Desvern, Sant Pere de Ribes, Sant Vicen\u00e7 dels Horts, Santa Coloma de Gramenet, Santa Perp\u00e8tua de Mogoda, Sitges, Tarragona, Terrassa, Tortosa, El Vendrell, Vic, Viladecans, Vilafranca del Pened\u00e8s, Vilanova i la Geltr\u00fa i Vilassar de Mar.<\/p>\n\n\n\n<h2 class=\"wp-block-heading\">\u00bfC\u00f3mo calcular el \u00edndice de referencia de precios de alquiler?<\/h2>\n\n\n\n<p>El \u00edndice de referencia del precio del alquiler, viene dado por la Generalitat, y puede consultarse en su p\u00e1gina web. Para poder calcularlo s\u00f3lo necesitar\u00e1s <strong>rellenar algunos datos<\/strong> en referencia a la vivienda que quieres alquilar:<\/p>\n\n\n\n<ul class=\"wp-block-list\"><li>Direcci\u00f3n del inmueble.<\/li><li>Superf\u00edcie \u00fatil de la vivienda.<\/li><li>Estado de mantenimiento del inmueble.<\/li><li>En qu\u00e9 piso se encuentra (altura).<\/li><li>A\u00f1o de construcci\u00f3n.<\/li><li>Certificado energ\u00e9tico<\/li><li>Caracter\u00edsticas adicionales como parking, ascensor, amueblado.<\/li><\/ul>\n\n\n\n<h2 class=\"wp-block-heading\">\u00bfQu\u00e9 precio m\u00e1ximo pueden tener los nuevos contratos de alquiler?<\/h2>\n\n\n\n<p>Con esta ley, los propietarios no podr\u00e1n subir la renta de alquiler que pagaba el anterior inquilino en un nuevo <a href=\"https:\/\/housfy.com\/blog\/renovacion-contrato-alquiler\/\"><strong>contrato de alquiler<\/strong><\/a> y si esta fuera demasiado elevada, se tendr\u00eda que bajar para ajustarse al precio medio de la zona, seg\u00fan el \u00cdndice de Precios de la Generalitat de Catalunya.&nbsp;<\/p>\n\n\n\n<p>De manera general, si la vivienda ha sido alquilada en los \u00faltimos cinco a\u00f1os:<\/p>\n\n\n\n<ul class=\"wp-block-list\"><li>Si el precio del anterior contrato estaba por debajo del \u00edndice de referencia, el precio del nuevo no podr\u00e1 superar el precio acordado en el \u00faltimo contrato.<\/li><li>Si el precio del anterior contrato estaba por encima del \u00edndice de referencia, el precio del nuevo contrato debe bajar como m\u00ednimo hasta el valor del \u00edndice.<\/li><\/ul>\n\n\n\n<p>Si la vivienda no ha sido alquilada en los \u00faltimos cinco a\u00f1os:<\/p>\n\n\n\n<ul class=\"wp-block-list\"><li>La renta no podr\u00e1 ser superior al \u00edndice de referencia.<\/li><li>Se establece un tope, pero los precios pueden ser inferiores a este, nunca superiores.<\/li><\/ul>\n\n\n\n<figure class=\"wp-block-image size-full is-resized\"><img decoding=\"async\" src=\"data:image\/gif,GIF89a%01%00%01%00%80%00%00%00%00%00%FF%FF%FF%21%F9%04%01%00%00%00%00%2C%00%00%00%00%01%00%01%00%00%02%01D%00%3B\" data-layzr=\"https:\/\/static0.housfy.com\/prod\/blog\/images\/2021\/12\/17152525\/Regulacion-alquileres-High-Quality-1-2.jpg\" alt=\"Regulaci\u00f3n alquileres\" class=\"wp-image-24731\" width=\"840\" height=\"1493\" title=\"- Housfy\"><figcaption>Infograf\u00eda: todo sobre la regulaci\u00f3n de alquileres en catalu\u00f1a.<\/figcaption><\/figure>\n\n\n\n<h2 class=\"wp-block-heading\">\u00bfQu\u00e9 debe constar en el nuevo contrato?<\/h2>\n\n\n\n<p>De acuerdo con esta ley el nuevo contrato debe incluir:<\/p>\n\n\n\n<ul class=\"wp-block-list\"><li>El valor del \u00edndice de referencia (\u20ac\/m\u00b2). Acompa\u00f1ado del documento que genera el sistema de indexaci\u00f3n de los precios de alquiler.<\/li><li>Si la renta inicial viene determinada por la renta del contrato anterior, debe constar el precio inicial del anterior contrato.<\/li><\/ul>\n\n\n\n<p>Esta ley quiere hacer frente a la subida de precios de alquileres abusiva, de esta manera, los precios de las viviendas en zonas consideradas como mercado tenso se han regularizado siguiendo un \u00edndice de referencia establecido por la Generalitat.<\/p>\n\n\n\n<p>Si est\u00e1s pensando en alquilar tu vivienda pero no sabes c\u00f3mo hacerlo, en <strong><a href=\"https:\/\/housfy.com\/alquileres\">Housfy Alquileres<\/a><\/strong> podemos ayudarte. Contamos con un excelente equipo de expertos que se encargar\u00e1 de todo el proceso de arrendamiento de tu vivienda, adem\u00e1s disponemos de una serie de servicios para facilitarte tu tarea como arrendador, como por ejemplo, nuestro servicio de <strong><a href=\"https:\/\/housfy.com\/alquileres\/gestion-alquiler\/barcelona\/barcelona\">gesti\u00f3n alquileres Barcelona<\/a><\/strong>. Si quieres m\u00e1s informaci\u00f3n, no dudes en contactar con nosotros.<\/p>\n","protected":false},"excerpt":{"rendered":"<p>Para muchos ciudadanos, acceder a una vivienda de alquiler sigue siendo complicado, especialmente para los m\u00e1s j\u00f3venes que buscan independizarse. Pero no solo ellos, sino que muchas familias no pueden hacer frente al elevado coste de un arrendamiento. Es por eso que el Govern de Catalunya ha planteado la regulaci\u00f3n de los alquileres por ley en las zonas m\u00e1s tensionadas de la comunidad aut\u00f3noma. Si est\u00e1s pensando en alquilar un piso, sigue leyendo este art\u00edculo. Ley de Limitaci\u00f3n del precio del alquiler El 22 de septiembre de 2020 se puso en marcha el \u00edndice de referencia de precios de alquiler, <\/p>\n","protected":false},"author":1,"featured_media":24536,"comment_status":"open","ping_status":"open","sticky":false,"template":"","format":"standard","meta":{"footnotes":""},"categories":[135],"tags":[632,560,570,616,631,606,630,629,584,628],"class_list":["post-24532","post","type-post","status-publish","format-standard","has-post-thumbnail","hentry","category-alquilar-piso","tag-badalona","tag-barcelona","tag-cataluna","tag-girona","tag-hospitalet","tag-lleida","tag-mataro","tag-sabadell","tag-tarragona","tag-terrassa","has_thumb"],"img_url":"https:\/\/static0.housfy.com\/prod\/blog\/images\/2021\/12\/14145910\/regulacion-de-alquileres-housfy-scaled.jpg","_links":{"self":[{"href":"https:\/\/housfy.com\/blog\/wp-json\/wp\/v2\/posts\/24532","targetHints":{"allow":["GET"]}}],"collection":[{"href":"https:\/\/housfy.com\/blog\/wp-json\/wp\/v2\/posts"}],"about":[{"href":"https:\/\/housfy.com\/blog\/wp-json\/wp\/v2\/types\/post"}],"author":[{"embeddable":true,"href":"https:\/\/housfy.com\/blog\/wp-json\/wp\/v2\/users\/1"}],"replies":[{"embeddable":true,"href":"https:\/\/housfy.com\/blog\/wp-json\/wp\/v2\/comments?post=24532"}],"version-history":[{"count":21,"href":"https:\/\/housfy.com\/blog\/wp-json\/wp\/v2\/posts\/24532\/revisions"}],"predecessor-version":[{"id":38130,"href":"https:\/\/housfy.com\/blog\/wp-json\/wp\/v2\/posts\/24532\/revisions\/38130"}],"wp:featuredmedia":[{"embeddable":true,"href":"https:\/\/housfy.com\/blog\/wp-json\/wp\/v2\/media\/24536"}],"wp:attachment":[{"href":"https:\/\/housfy.com\/blog\/wp-json\/wp\/v2\/media?parent=24532"}],"wp:term":[{"taxonomy":"category","embeddable":true,"href":"https:\/\/housfy.com\/blog\/wp-json\/wp\/v2\/categories?post=24532"},{"taxonomy":"post_tag","embeddable":true,"href":"https:\/\/housfy.com\/blog\/wp-json\/wp\/v2\/tags?post=24532"}],"curies":[{"name":"wp","href":"https:\/\/api.w.org\/{rel}","templated":true}]}}