{"id":44584,"date":"2023-01-17T16:26:05","date_gmt":"2023-01-17T16:26:05","guid":{"rendered":"https:\/\/housfy.com\/blog\/?p=44584"},"modified":"2024-11-26T09:29:24","modified_gmt":"2024-11-26T09:29:24","slug":"que-es-el-ipc-en-los-alquileres-y-cual-ha-sido-su-evolucion-en-los-ultimos-10-anos","status":"publish","type":"post","link":"https:\/\/housfy.com\/blog\/que-es-el-ipc-en-los-alquileres-y-cual-ha-sido-su-evolucion-en-los-ultimos-10-anos\/","title":{"rendered":"\u00bfQu\u00e9 es el IPC en los alquileres y cu\u00e1l ha sido su evoluci\u00f3n en los \u00faltimos a\u00f1os?"},"content":{"rendered":"\n<p>Si algo marc\u00f3 2021 fue la subida de precios que vivi\u00f3 Espa\u00f1a tras la escalada del IPC. La situaci\u00f3n salpic\u00f3 a los precios del alquiler, que tambi\u00e9n comenzaron a ascender. Por eso, hoy hablamos sobre <strong>qu\u00e9 es el IPC, c\u00f3mo se calcula y c\u00f3mo ha evolucionado <\/strong>en los \u00faltimos tiempos, informaci\u00f3n muy \u00fatil si te interesa <strong><a href=\"https:\/\/housfy.com\/alquileres\">poner tu vivienda en alquiler<\/a><\/strong>.<\/p>\n\n\n\n<p class=\"has-text-align-center\"><div\r\n\t\t\t\tid=\"hustle-embedded-id-63\"\r\n\t\t\t\tclass=\"hustle-ui hustle-inline hustle-palette--gray_slate hustle_module_id_63 module_id_63   hustle-size--custom\"\r\n\t\t\t\t\r\n\t\t\tdata-id=\"63\"\r\n\t\t\tdata-render-id=\"0\"\r\n\t\t\tdata-tracking=\"enabled\"\r\n\t\t\t\r\n\t\t\t\tdata-intro=\"no_animation\"\r\n\t\t\t\tdata-sub-type=\"shortcode\"\r\n\t\t\t\t\r\n\t\t\t\tstyle=\"opacity: 0;\"\r\n\t\t\t\taria-label=\"Cobra seguro tu alquiler cada mes popup\"\r\n\t\t\t><div class=\"hustle-inline-content\"><div class=\"hustle-info hustle-info--compact\"><div class=\"hustle-main-wrapper\"><div class=\"hustle-layout\"><div class=\"hustle-content\"><div class=\"hustle-content-wrap\"><div class=\"hustle-group-title\"><h3 class=\"hustle-title\">Cobra seguro tu alquiler cada mes<\/h3><h4 class=\"hustle-subtitle\">Nosotros nos hacemos cargo si el inquilino no paga<\/h4><\/div><div class=\"hustle-cta-container\"><a class=\"hustle-button hustle-button-cta \" href=\"https:\/\/housfy.com\/alquileres?utm_source=traffic_CTABanner_Embed_blog&#038;utm_medium=CTABanner&#038;utm_campaign=CTABanner_Embed_alquiler_publicitario_blog&#038;utm_term=alquiler_publicitario_CTABanner_Embed_blog\" target=\"_blank\" data-cta-type=\"cta\">QUIERO SABER M\u00c1S<\/a><\/div><\/div><\/div><\/div><\/div><\/div><\/div><\/div><\/p>\n\n\n\n<h2 class=\"wp-block-heading\">IPC: \u00bfqu\u00e9 es y para qu\u00e9 sirve?<\/h2>\n\n\n\n<p>No es la primera vez que alguien se pregunta <strong>qu\u00e9 es el IPC en Espa\u00f1a<\/strong>. Y es que, aunque sus siglas est\u00e9n muy presentes en nuestro d\u00eda a d\u00eda, pocos conocen qu\u00e9 significa realmente.<\/p>\n\n\n\n<p>Las siglas corresponden al <strong>\u00cdndice de Precios al Consumo<\/strong>. Esencialmente, es un \u00edndice que marca c\u00f3mo evoluciona un pa\u00eds a nivel econ\u00f3mico, marcando as\u00ed las subidas y bajadas de los precios generales.<\/p>\n\n\n\n<p>El INE y el IPC van muy de la mano. El Instituto Nacional de Estad\u00edstica es el <strong>organismo que calcula el \u00edndice.<\/strong> Primero, re\u00fanen los precios de los productos m\u00e1s consumidos por los espa\u00f1oles y despu\u00e9s los comparan con los importes registrados meses atr\u00e1s.<\/p>\n\n\n\n<p>[irp posts=\u00bb43926&#8243; name=\u00bb\u00bfQu\u00e9 IPC se aplica en los alquileres y c\u00f3mo actualizarlo en las rentas?\u00bb]<\/p>\n\n\n\n<h2 class=\"wp-block-heading\">\u00bfC\u00f3mo se calcula el IPC en los alquileres?<\/h2>\n\n\n\n<p>El valor del IPC suele utilizarse para calcular el <strong>aumento de las rentas del alquiler <\/strong>cuando llega la actualizaci\u00f3n del contrato. Cuando el contrato de arrendamiento cumple el a\u00f1o, se aplica el valor del \u00edndice registrado por el INE <strong>dos meses anteriores<\/strong> a la fecha. <\/p>\n\n\n\n<p>Eso s\u00ed, seg\u00fan la \u00faltima&nbsp;<a href=\"https:\/\/housfy.com\/alquileres\/guias\/post\/nueva-ley-de-vivienda\"><strong>ley de vivienda<\/strong><\/a>, los contratos vigentes del alquiler tienen derecho a actualizar las rentas en base a lo acordado entre las partes, pero&nbsp;<strong>se limita al 3 % dicha subida<\/strong>, siempre que el IPC sea superior a ese dato.<\/p>\n\n\n\n<p>El proceso a seguir para <strong>calcular el IPC en los alquileres<\/strong> es muy sencillo. A continuaci\u00f3n, te mostramos la f\u00f3rmula base.<\/p>\n\n\n\n<p class=\"has-text-align-center\"><strong>[Alquiler mensual x (100 + Porcentaje IPC)] \/ 100<\/strong><\/p>\n\n\n\n<p>Como ejemplo, supongamos que tienes un alquiler de <strong>800 euros mensuales y lo actualizas en noviembre<\/strong>. Tras mirar el IPC de hace dos meses, el valor que obtienes es de 1,5%. La f\u00f3rmula quedar\u00eda as\u00ed:<\/p>\n\n\n\n<p class=\"has-text-align-center\">[800 x (100 + 1,5)] \/ 100 = <strong>812\u20ac<\/strong><\/p>\n\n\n\n<p>Como resultado, ver\u00edas que aplicando un valor positivo del \u00edndice, la<strong> renta aumentar\u00eda 12 euros<\/strong>, sumando un total de 812 euros mensuales.<\/p>\n\n\n\n<main class=\"wp-block-group has-background is-content-justification-center is-nowrap is-layout-flex wp-container-core-group-is-layout-94bc23d7 wp-block-group-is-layout-flex\" style=\"background-color:#ebf8ff\">\n<main class=\"wp-block-group\"><div class=\"wp-block-group__inner-container is-layout-constrained wp-block-group-is-layout-constrained\">\n<p class=\"has-black-color has-text-color\" style=\"font-size:26px\">\ud83d\udd35 Calcula al instante la rentabilidad de tu alquiler<\/p>\n\n\n\n<p>Descubre si tu<strong> alquiler es rentable<\/strong> y cu\u00e1nto deber\u00edas <strong>cobrar de renta<\/strong> para obtener una buena rentabilidad.<\/p>\n\n\n<div class=\"housfy-cta-wrapper\"><a class=\"housfy-cta\" href=\"https:\/\/housfy.com\/alquileres\/calculadora-rentabilidad?utm_source=traffic_CTABanner_highlight_blog&amp;utm_medium=CTABanner_highlight&amp;utm_campaign=CTABanner_highlight_calculadora_rentabilidad_blog\" title=\"Probar gratis\">Probar gratis<\/a><\/div><\/div><\/main>\n<\/main>\n\n\n\n<h3 class=\"wp-block-heading\">C\u00f3mo se calcula el IPC medio anual<\/h3>\n\n\n\n<p>Cuando nos referimos al IPC medio anual, hacemos referencia a la variaci\u00f3n del \u00edndice en los \u00faltimos 12 meses. Por ejemplo, la variaci\u00f3n anual en Espa\u00f1a en <strong>diciembre de 2023 se situ\u00f3 en un 3,1%<\/strong>.<\/p>\n\n\n\n<p class=\"has-background\" style=\"background-color:#ebf8ff\">\ud83d\udc49 En la <strong>gu\u00eda de Housfy<\/strong> te explicamos todas las caracter\u00edsticas sobre el<strong> <a href=\"https:\/\/housfy.com\/alquileres\/guias\/post\/ipc-alquiler\">IPC en el alquiler<\/a><\/strong> y c\u00f3mo calcularlo en la renta de tu piso.<\/p>\n\n\n\n<div\r\n\t\t\t\tid=\"hustle-embedded-id-14\"\r\n\t\t\t\tclass=\"hustle-ui hustle-inline hustle-palette--gray_slate hustle_module_id_14 module_id_14   hustle-size--custom\"\r\n\t\t\t\t\r\n\t\t\tdata-id=\"14\"\r\n\t\t\tdata-render-id=\"0\"\r\n\t\t\tdata-tracking=\"disabled\"\r\n\t\t\t\r\n\t\t\t\tdata-intro=\"no_animation\"\r\n\t\t\t\tdata-sub-type=\"shortcode\"\r\n\t\t\t\t\r\n\t\t\t\tstyle=\"opacity: 0;\"\r\n\t\t\t\taria-label=\"Alquila tu piso y olv\u00eddate de las preocupaciones popup\"\r\n\t\t\t><div class=\"hustle-inline-content\"><div class=\"hustle-info hustle-info--compact\"><div class=\"hustle-main-wrapper\"><div class=\"hustle-layout\"><div class=\"hustle-content\"><div class=\"hustle-content-wrap\"><div class=\"hustle-group-title\"><h3 class=\"hustle-title\">Alquila tu piso y olv\u00eddate de las preocupaciones<\/h3><h4 class=\"hustle-subtitle\">Gestiona cada aspecto del alquiler desde tu \u00e1rea privada MyHousfy<\/h4><\/div><div class=\"hustle-cta-container\"><a class=\"hustle-button hustle-button-cta \" href=\"https:\/\/housfy.com\/alquileres?utm_source=traffic_CTABanner_Embed_blog&#038;utm_medium=CTABanner&#038;utm_campaign=CTABanner_Embed_alquileres_blog&#038;utm_term=alquileres_CTABanner_Embed_blog\" target=\"_blank\" data-cta-type=\"cta\">INF\u00d3RMATE GRATIS<\/a><\/div><\/div><\/div><\/div><\/div><\/div><\/div><\/div>\n\n\n\n<h2 class=\"wp-block-heading\">Evoluci\u00f3n del \u00edndice en los \u00faltimos 10 a\u00f1os<\/h2>\n\n\n\n<p>En 2014, el IPC fluctu\u00f3 entre valores negativos y positivos, aunque siempre muy bajos, comportamiento que se rompi\u00f3 en 2016, cuando adopt\u00f3 una <strong>tendencia alcista<\/strong>. Consigui\u00f3 <strong>estabilizarse <\/strong>hasta 2021, cuando, tras registrar porcentajes negativos durante todo el a\u00f1o anterior, empez\u00f3 la escalada hasta la friolera xifra de <strong>10,8%<\/strong> en julio de 2022. <\/p>\n\n\n\n<p>L<strong>a pandemia hizo estragos en los precios<\/strong>, pero la sorpresa lleg\u00f3 en 2021, cuando los precios se recuperaron seis puntos porcentuales por el encarecimiento de los carburantes y la electricidad. Despu\u00e9s del r\u00e9cord en 2022, el IPC empez\u00f3 a disminuir hasta junio de 2023, cuando volvi\u00f3 a experimentar aumentos durante 3 meses consecutivos. Finalmente, parece haberse estabilizado.<\/p>\n\n\n\n<div style=\"min-height:431px\" id=\"datawrapper-vis-KdMWD\"><script type=\"text\/javascript\" defer src=\"https:\/\/datawrapper.dwcdn.net\/KdMWD\/embed.js\" charset=\"utf-8\" data-target=\"#datawrapper-vis-KdMWD\"><\/script><noscript><img decoding=\"async\" src=\"data:image\/gif,GIF89a%01%00%01%00%80%00%00%00%00%00%FF%FF%FF%21%F9%04%01%00%00%00%00%2C%00%00%00%00%01%00%01%00%00%02%01D%00%3B\" data-layzr=\"https:\/\/datawrapper.dwcdn.net\/KdMWD\/full.png\" alt=\"- Housfy\" title=\"- Housfy\"><\/noscript><\/div>\n\n\n\n<p class=\"has-white-color has-text-color has-link-color wp-elements-313113e91638075cb511b478546c81c4\">a<\/p>\n\n\n\n<p>Los \u00faltimos datos del INE, muestran una ligera subida de los precios de febrero a mayo,  disminuyendo hasta el tercer trimestre. No obstante, octubre ha registrado un un peque\u00f1o crecimiento, con un IPC del 1,8%.<\/p>\n\n\n\n<p>De cara al nuevo a\u00f1o que comienza, los expertos pronostican un <strong>mantenimiento <\/strong>del IPC que desemboque en <strong>bajadas paulatinas<\/strong>, hasta un 2,3% anual en 2025 y un 2,1% en 2026.<\/p>\n\n\n\n<p>[irp posts=\u00bb44139&#8243; name=\u00bb\u00bfCu\u00e1ndo se sube el IPC de los alquileres? As\u00ed es c\u00f3mo se actualiza\u00bb]<\/p>\n\n\n\n<h3 class=\"wp-block-heading\">IPC en alquileres en 2025&nbsp;<\/h3>\n\n\n\n<p>Como hemos dicho, la&nbsp;<strong>Ley de Vivienda<\/strong> se instaur\u00f3 precisamente para&nbsp;<strong>afrontar el alto nivel de inflaci\u00f3n<\/strong>&nbsp;que aumentaba el \u00cdndice de Precios de Consumo (IPC) y, por tanto,<strong>&nbsp;los precios de los alquileres<\/strong>, raz\u00f3n por la cual se estableci\u00f3 un tope para  actualizaci\u00f3n de las rentas.<\/p>\n\n\n\n<p>El a\u00f1o que viene esta limitaci\u00f3n cambia. El Instituto Nacional de Estad\u00edstica (INE) debe crear antes de este 31 de diciembre un&nbsp;<strong>nuevo \u00edndice de referencia de precios&nbsp;<\/strong>del alquiler que sustituya al IPC. Los expertos prev\u00e9n que sea menor a los \u00faltimos valores del IPC.<\/p>\n\n\n\n<p>Adem\u00e1s, los&nbsp;<strong>precios de los nuevos contratos<\/strong>&nbsp;de alquiler deber\u00e1n ce\u00f1irse al&nbsp;<strong>\u00cdndice de Referencia de Precios del Alquiler que establece el Sistema Estatal<\/strong>, o, en el caso de Catalunya,&nbsp;de <strong>la Generalitat<\/strong>. Este, establece el m\u00e1ximo y el m\u00ednimo importe al que se debe&nbsp;<a href=\"https:\/\/housfy.com\/alquileres\"><strong>alquilar una vivienda<\/strong><\/a>&nbsp;situada en una zona declarada tensionada.<\/p>\n\n\n\n<p class=\"has-text-align-center\"><div\r\n\t\t\t\tid=\"hustle-embedded-id-64\"\r\n\t\t\t\tclass=\"hustle-ui hustle-inline hustle-palette--gray_slate hustle_module_id_64 module_id_64   hustle-size--custom\"\r\n\t\t\t\t\r\n\t\t\tdata-id=\"64\"\r\n\t\t\tdata-render-id=\"0\"\r\n\t\t\tdata-tracking=\"enabled\"\r\n\t\t\t\r\n\t\t\t\tdata-intro=\"no_animation\"\r\n\t\t\t\tdata-sub-type=\"shortcode\"\r\n\t\t\t\t\r\n\t\t\t\tstyle=\"opacity: 0;\"\r\n\t\t\t\taria-label=\"\u00bfTodav\u00eda no tienes inquilino en tu piso? popup\"\r\n\t\t\t><div class=\"hustle-inline-content\"><div class=\"hustle-info hustle-info--compact\"><div class=\"hustle-main-wrapper\"><div class=\"hustle-layout\"><div class=\"hustle-content\"><div class=\"hustle-content-wrap\"><div class=\"hustle-group-title\"><h3 class=\"hustle-title\">\u00bfTodav\u00eda no tienes inquilino en tu piso?<\/h3><h4 class=\"hustle-subtitle\">Te encontramos a tu inquilino solvente gracias al sistema de scoring m\u00e1s potente del mercado<\/h4><\/div><div class=\"hustle-cta-container\"><a class=\"hustle-button hustle-button-cta \" href=\"https:\/\/housfy.com\/alquileres?utm_source=traffic_CTABanner_Embed_blog&#038;utm_medium=CTABanner&#038;utm_campaign=CTABanner_Embed_alquiler_urgencia_blog&#038;utm_term=alquiler_urgencia_CTABanner_Embed_blog\" target=\"_blank\" data-cta-type=\"cta\">\u00a1QUIERO ENCONTRAR INQUILINO!<\/a><\/div><\/div><\/div><\/div><\/div><\/div><\/div><\/div><\/p>\n","protected":false},"excerpt":{"rendered":"<p>Si algo marc\u00f3 2021 fue la subida de precios que vivi\u00f3 Espa\u00f1a tras la escalada del IPC. La situaci\u00f3n salpic\u00f3 a los precios del alquiler, que tambi\u00e9n comenzaron a ascender. Por eso, hoy hablamos sobre qu\u00e9 es el IPC, c\u00f3mo se calcula y c\u00f3mo ha evolucionado en los \u00faltimos tiempos, informaci\u00f3n muy \u00fatil si te interesa poner tu vivienda en alquiler. IPC: \u00bfqu\u00e9 es y para qu\u00e9 sirve? No es la primera vez que alguien se pregunta qu\u00e9 es el IPC en Espa\u00f1a. Y es que, aunque sus siglas est\u00e9n muy presentes en nuestro d\u00eda a d\u00eda, pocos conocen qu\u00e9 <\/p>\n","protected":false},"author":52,"featured_media":50513,"comment_status":"open","ping_status":"open","sticky":false,"template":"","format":"standard","meta":{"footnotes":""},"categories":[135],"tags":[],"class_list":["post-44584","post","type-post","status-publish","format-standard","has-post-thumbnail","hentry","category-alquilar-piso","has_thumb"],"img_url":"https:\/\/static0.housfy.com\/prod\/blog\/images\/2023\/01\/24103441\/que-es-el-ipc-2.jpg","_links":{"self":[{"href":"https:\/\/housfy.com\/blog\/wp-json\/wp\/v2\/posts\/44584","targetHints":{"allow":["GET"]}}],"collection":[{"href":"https:\/\/housfy.com\/blog\/wp-json\/wp\/v2\/posts"}],"about":[{"href":"https:\/\/housfy.com\/blog\/wp-json\/wp\/v2\/types\/post"}],"author":[{"embeddable":true,"href":"https:\/\/housfy.com\/blog\/wp-json\/wp\/v2\/users\/52"}],"replies":[{"embeddable":true,"href":"https:\/\/housfy.com\/blog\/wp-json\/wp\/v2\/comments?post=44584"}],"version-history":[{"count":40,"href":"https:\/\/housfy.com\/blog\/wp-json\/wp\/v2\/posts\/44584\/revisions"}],"predecessor-version":[{"id":58566,"href":"https:\/\/housfy.com\/blog\/wp-json\/wp\/v2\/posts\/44584\/revisions\/58566"}],"wp:featuredmedia":[{"embeddable":true,"href":"https:\/\/housfy.com\/blog\/wp-json\/wp\/v2\/media\/50513"}],"wp:attachment":[{"href":"https:\/\/housfy.com\/blog\/wp-json\/wp\/v2\/media?parent=44584"}],"wp:term":[{"taxonomy":"category","embeddable":true,"href":"https:\/\/housfy.com\/blog\/wp-json\/wp\/v2\/categories?post=44584"},{"taxonomy":"post_tag","embeddable":true,"href":"https:\/\/housfy.com\/blog\/wp-json\/wp\/v2\/tags?post=44584"}],"curies":[{"name":"wp","href":"https:\/\/api.w.org\/{rel}","templated":true}]}}