{"id":51003,"date":"2023-09-04T07:30:00","date_gmt":"2023-09-04T07:30:00","guid":{"rendered":"https:\/\/housfy.com\/blog\/?p=51003"},"modified":"2023-09-20T09:29:59","modified_gmt":"2023-09-20T09:29:59","slug":"alquilar-tu-vivienda-en-ciutat-vella-el-mejor-alquiler-de-barcelona","status":"publish","type":"post","link":"https:\/\/housfy.com\/blog\/alquilar-tu-vivienda-en-ciutat-vella-el-mejor-alquiler-de-barcelona\/","title":{"rendered":"Alquilar tu vivienda en Ciutat Vella: \u00bfel mejor alquiler de Barcelona?"},"content":{"rendered":"\n<p>Dada la alt\u00edsima demanda de alquiler y la escasa oferta que existe en la ciudad, <a href=\"https:\/\/housfy.com\/alquileres\/gestion-alquiler\/barcelona\/barcelona\"><strong>alquilar tu vivienda en Barcelona<\/strong><\/a><strong> <\/strong>siempre ser\u00e1 una elecci\u00f3n acertada, aunque no siempre igual de f\u00e1cil. Cada distrito tiene sus particularidades, y hoy te contamos las ventajas de <strong>alquilar tu vivienda en Ciutat Vella<\/strong>, el embri\u00f3n de la moderna Barcelona.&nbsp;<\/p>\n\n\n\n<p class=\"has-text-align-center\"><div\r\n\t\t\t\tid=\"hustle-embedded-id-63\"\r\n\t\t\t\tclass=\"hustle-ui hustle-inline hustle-palette--gray_slate hustle_module_id_63 module_id_63   hustle-size--custom\"\r\n\t\t\t\t\r\n\t\t\tdata-id=\"63\"\r\n\t\t\tdata-render-id=\"0\"\r\n\t\t\tdata-tracking=\"enabled\"\r\n\t\t\t\r\n\t\t\t\tdata-intro=\"no_animation\"\r\n\t\t\t\tdata-sub-type=\"shortcode\"\r\n\t\t\t\t\r\n\t\t\t\tstyle=\"opacity: 0;\"\r\n\t\t\t\taria-label=\"Cobra seguro tu alquiler cada mes popup\"\r\n\t\t\t><div class=\"hustle-inline-content\"><div class=\"hustle-info hustle-info--compact\"><div class=\"hustle-main-wrapper\"><div class=\"hustle-layout\"><div class=\"hustle-content\"><div class=\"hustle-content-wrap\"><div class=\"hustle-group-title\"><h3 class=\"hustle-title\">Cobra seguro tu alquiler cada mes<\/h3><h4 class=\"hustle-subtitle\">Nosotros nos hacemos cargo si el inquilino no paga<\/h4><\/div><div class=\"hustle-cta-container\"><a class=\"hustle-button hustle-button-cta \" href=\"https:\/\/housfy.com\/alquileres?utm_source=traffic_CTABanner_Embed_blog&#038;utm_medium=CTABanner&#038;utm_campaign=CTABanner_Embed_alquiler_publicitario_blog&#038;utm_term=alquiler_publicitario_CTABanner_Embed_blog\" target=\"_blank\" data-cta-type=\"cta\">QUIERO SABER M\u00c1S<\/a><\/div><\/div><\/div><\/div><\/div><\/div><\/div><\/div><\/p>\n\n\n\n<h2 class=\"wp-block-heading\">Ciutat Vella, el segundo distrito de Barcelona en el que m\u00e1s r\u00e1pido se alquila una vivienda<\/h2>\n\n\n\n<p>Si entendemos el tiempo que los pisos tardan en alquilarse como reflejo de la demanda, Ciutat Vella no es el <strong>distrito de Barcelona con mayor demanda de alquiler<\/strong>, pero est\u00e1 muy cerca de serlo. Por delante solo se encuentra el distrito de Sant Andreu.&nbsp;<\/p>\n\n\n\n<p>As\u00ed lo indican los datos de Housfy, <a href=\"https:\/\/housfy.com\/inmobiliarias\"><strong>inmobiliaria digital experta en gesti\u00f3n de alquileres<\/strong><\/a>,&nbsp; sobre el tiempo transcurrido desde la publicaci\u00f3n del anuncio hasta la firma del contrato en cada zona. El tiempo medio en toda Barcelona es de <strong>22,5 d\u00edas<\/strong>, mientras el de Ciutat Vella es de menos de la mitad, <strong>apenas de 11 d\u00edas<\/strong>.&nbsp;<\/p>\n\n\n\n<figure class=\"wp-block-table is-style-stripes\"><table class=\"has-fixed-layout\"><thead><tr><th class=\"has-text-align-left\" data-align=\"left\"><strong>Distrito<\/strong><\/th><th class=\"has-text-align-left\" data-align=\"left\">Media de d\u00edas publicado hasta la firma del contrato<\/th><\/tr><\/thead><tbody><tr><td class=\"has-text-align-left\" data-align=\"left\">Sant Andreu<\/td><td class=\"has-text-align-left\" data-align=\"left\">9,5<\/td><\/tr><tr><td class=\"has-text-align-left\" data-align=\"left\">Ciutat Vella<\/td><td class=\"has-text-align-left\" data-align=\"left\">11<\/td><\/tr><tr><td class=\"has-text-align-left\" data-align=\"left\">Nou Barris<\/td><td class=\"has-text-align-left\" data-align=\"left\">11,5<\/td><\/tr><tr><td class=\"has-text-align-left\" data-align=\"left\">Sants-Montju\u00efc<\/td><td class=\"has-text-align-left\" data-align=\"left\">13<\/td><\/tr><tr><td class=\"has-text-align-left\" data-align=\"left\">Sant Mart\u00ed<\/td><td class=\"has-text-align-left\" data-align=\"left\">21<\/td><\/tr><tr><td class=\"has-text-align-left\" data-align=\"left\"><strong>Barcelona ciudad<\/strong><\/td><td class=\"has-text-align-left\" data-align=\"left\"><strong>22,5<\/strong><\/td><\/tr><tr><td class=\"has-text-align-left\" data-align=\"left\">Sarri\u00e0-Sant Gervasi<\/td><td class=\"has-text-align-left\" data-align=\"left\">23<\/td><\/tr><tr><td class=\"has-text-align-left\" data-align=\"left\">Eixample<\/td><td class=\"has-text-align-left\" data-align=\"left\">28<\/td><\/tr><tr><td class=\"has-text-align-left\" data-align=\"left\">Horta-Guinard\u00f3<\/td><td class=\"has-text-align-left\" data-align=\"left\">29<\/td><\/tr><tr><td class=\"has-text-align-left\" data-align=\"left\">Les Corts<\/td><td class=\"has-text-align-left\" data-align=\"left\">34<\/td><\/tr><tr><td class=\"has-text-align-left\" data-align=\"left\">Gr\u00e0cia<\/td><td class=\"has-text-align-left\" data-align=\"left\">42<\/td><\/tr><\/tbody><\/table><figcaption class=\"wp-element-caption\">Elaboraci\u00f3n propia<\/figcaption><\/figure>\n\n\n\n<p><\/p>\n\n\n\n<p><strong>Alquilar tu vivienda en Ciutat Vella<\/strong>, por lo tanto, es sin\u00f3nimo de alquilar en muy poco tiempo, pero tambi\u00e9n de conseguir una buena <a href=\"https:\/\/housfy.com\/alquileres\/calculadora-rentabilidad\/barcelona\/barcelona\"><strong>rentabilidad del alquiler en Barcelona<\/strong><\/a>, ya que el precio medio del distrito es de <strong>1.054 \u20ac<\/strong>. El distrito genera una gran atracci\u00f3n, y viendo los barrios que lo integran, no es para menos.&nbsp;<\/p>\n\n\n\n<p>\u2b07\ufe0f\u2b07\ufe0f\u2b07\ufe0f<\/p>\n\n\n\n<p>[irp posts=\u00bb49616&#8243; name=\u00bb\u00bfQui\u00e9n paga los honorarios inmobiliarios con la nueva ley de alquileres?\u00bb]<\/p>\n\n\n\n<h3 class=\"wp-block-heading\">El Raval<\/h3>\n\n\n\n<p>Contenido entre dos de las calles m\u00e1s atractivas de Barcelona, La Rambla y la avenida del Paral\u00b7lel, <strong>del Raval se podr\u00edan decir muchas cosas<\/strong>. Que antes se le llamaba el Barrio Chino, que en \u00e9l han transcurrido novelas de autores como V\u00e1zquez Montalb\u00e1n, Maruja Torres o los hermanos Moix, o que en la actualidad es v\u00edctima de la gentrificaci\u00f3n.&nbsp;&nbsp;<\/p>\n\n\n\n<p>Los pisos del Raval tardan una media de <strong>16 d\u00edas <\/strong>en alquilarse, y su alquiler medio mensual es algo superior a los <strong>900 \u20ac<\/strong>.&nbsp;<\/p>\n\n\n\n<h3 class=\"wp-block-heading\">La Barceloneta<\/h3>\n\n\n\n<p>En la clasificaci\u00f3n de barrios barceloneses donde se alquilan las viviendas m\u00e1s r\u00e1pido, La Barceloneta se encuentra en la segunda posici\u00f3n: <strong>solo 6 d\u00edas<\/strong>, y por un precio medio <strong>que no llega a los<\/strong> <strong>1.000 \u20ac<\/strong>.&nbsp;<\/p>\n\n\n\n<p>Hay dos Barcelonetas muy distintas: <strong>la de la playa y la del barrio<\/strong>. La primera aglutina a los turistas y estudiantes extranjeros enloquecidos por el sol, los chiringuitos y los patines. Ha afectado a la segunda, pero a\u00fan no la ha extinguido.&nbsp;<\/p>\n\n\n\n<p>La del barrio tiene su origen en las barracas del Somorrostro, y aunque se ha visto afectada por el turismo, conserva su <strong>aire cercano y popular<\/strong>. La Cova Fumada, el bar donde se invent\u00f3 la tradicional bomba de patata barcelonesa, sigue abierta y frecuentada por los vecinos de siempre, y las calles mantienen su aspecto de pueblo pesquero en miniatura.&nbsp;&nbsp;&nbsp;<\/p>\n\n\n\n<p class=\"has-text-align-center\"><div\r\n\t\t\t\tid=\"hustle-embedded-id-14\"\r\n\t\t\t\tclass=\"hustle-ui hustle-inline hustle-palette--gray_slate hustle_module_id_14 module_id_14   hustle-size--custom\"\r\n\t\t\t\t\r\n\t\t\tdata-id=\"14\"\r\n\t\t\tdata-render-id=\"0\"\r\n\t\t\tdata-tracking=\"disabled\"\r\n\t\t\t\r\n\t\t\t\tdata-intro=\"no_animation\"\r\n\t\t\t\tdata-sub-type=\"shortcode\"\r\n\t\t\t\t\r\n\t\t\t\tstyle=\"opacity: 0;\"\r\n\t\t\t\taria-label=\"Alquila tu piso y olv\u00eddate de las preocupaciones popup\"\r\n\t\t\t><div class=\"hustle-inline-content\"><div class=\"hustle-info hustle-info--compact\"><div class=\"hustle-main-wrapper\"><div class=\"hustle-layout\"><div class=\"hustle-content\"><div class=\"hustle-content-wrap\"><div class=\"hustle-group-title\"><h3 class=\"hustle-title\">Alquila tu piso y olv\u00eddate de las preocupaciones<\/h3><h4 class=\"hustle-subtitle\">Gestiona cada aspecto del alquiler desde tu \u00e1rea privada MyHousfy<\/h4><\/div><div class=\"hustle-cta-container\"><a class=\"hustle-button hustle-button-cta \" href=\"https:\/\/housfy.com\/alquileres?utm_source=traffic_CTABanner_Embed_blog&#038;utm_medium=CTABanner&#038;utm_campaign=CTABanner_Embed_alquileres_blog&#038;utm_term=alquileres_CTABanner_Embed_blog\" target=\"_blank\" data-cta-type=\"cta\">INF\u00d3RMATE GRATIS<\/a><\/div><\/div><\/div><\/div><\/div><\/div><\/div><\/div><\/p>\n\n\n\n<h3 class=\"wp-block-heading\">Barri G\u00f2tic<\/h3>\n\n\n\n<p>Barcelona destaca por <strong>dos tipos de arquitectura<\/strong>: el modernismo de Gaud\u00ed y la que da nombre a este barrio donde los pisos tienen un precio medio de <strong>1.133,40 \u20ac<\/strong>, el m\u00e1s alto del distrito.&nbsp;<\/p>\n\n\n\n<p>Sede de la imponente Catedral de Barcelona, <strong>el arte del Barri G\u00f2tic no se limita al g\u00f3tico<\/strong>. Entre finales del siglo XIX y comienzos del XX, en el G\u00f2tic se asent\u00f3 la bohemia de la ciudad, que estableci\u00f3 en Els Quatre Gats su cuartel general. En este local lleg\u00f3 a exponer, en 1900, un jovenc\u00edsimo Picasso.&nbsp; El atractivo del barrio, por lo tanto, est\u00e1 de sobras fundamentado.&nbsp;<\/p>\n\n\n\n<h3 class=\"wp-block-heading\">Sant Pere, Santa Caterina i la Ribera<\/h3>\n\n\n\n<p>Estos tres barrios est\u00e1n <strong>pegados al G\u00f2tic<\/strong>, y aunque mentalmente unamos la Catedral a la bas\u00edlica de Santa Mar\u00eda, por ejemplo, la divisi\u00f3n administrativa los ha separado en el G\u00f2tic i la Ribera, respectivamente.&nbsp;<\/p>\n\n\n\n<p>Este \u00e1rea est\u00e1 llena de lugares insignes de la ciudad como el Born, el Palau de la M\u00fasica o el Parc de la Ciutadella. Los pisos se alquilan en un tiempo medio de <strong>14,5 d\u00edas<\/strong>, y su alquiler mensual promedio se encuentra en torno a los <strong>1.000 \u20ac<\/strong>.&nbsp;<\/p>\n\n\n\n<p>\u2b07\ufe0f\u2b07\ufe0f\u2b07\ufe0f<\/p>\n\n\n\n<p>[irp posts=\u00bb47269&#8243; name=\u00bbLos 4 grandes cambios de la Ley de Vivienda en 2023&#8243;]<\/p>\n\n\n\n<h2 class=\"wp-block-heading\">C\u00f3mo alquilar tu piso en Ciutat Vella<\/h2>\n\n\n\n<p>T\u00fa mismo podr\u00edas recibir y gestionar las muchas visitas que recibir\u00e1s, investigar el historial de los interesados, redactar escrupulosamente el contrato, encargarte de las posteriores aver\u00edas\u2026 Aunque <strong>suena muy engorroso<\/strong>, \u00bfverdad? Por eso los <a href=\"https:\/\/housfy.com\/alquileres\/expertos-gestion-alquileres\"><strong>expertos en alquileres<\/strong><\/a><strong> <\/strong>de Housfy Alquiler ofrecen una gesti\u00f3n integral a nuestros clientes.&nbsp;<\/p>\n\n\n\n<p>Se ocupan de todas las tareas mencionadas, y a ti solo te corresponde recibir la renta cada mes, que adem\u00e1s te la podemos garantizar. A trav\u00e9s de compa\u00f1\u00edas aseguradoras ofrecemos un <a href=\"https:\/\/housfy.com\/alquileres\/seguro-impago-alquiler\"><strong>seguro de impago del alquiler<\/strong><\/a><strong> <\/strong>por el que no te quedar\u00e1s ning\u00fan mes sin cobrar.&nbsp;<\/p>\n\n\n\n<p class=\"has-text-align-center\"><div\r\n\t\t\t\tid=\"hustle-embedded-id-64\"\r\n\t\t\t\tclass=\"hustle-ui hustle-inline hustle-palette--gray_slate hustle_module_id_64 module_id_64   hustle-size--custom\"\r\n\t\t\t\t\r\n\t\t\tdata-id=\"64\"\r\n\t\t\tdata-render-id=\"0\"\r\n\t\t\tdata-tracking=\"enabled\"\r\n\t\t\t\r\n\t\t\t\tdata-intro=\"no_animation\"\r\n\t\t\t\tdata-sub-type=\"shortcode\"\r\n\t\t\t\t\r\n\t\t\t\tstyle=\"opacity: 0;\"\r\n\t\t\t\taria-label=\"\u00bfTodav\u00eda no tienes inquilino en tu piso? popup\"\r\n\t\t\t><div class=\"hustle-inline-content\"><div class=\"hustle-info hustle-info--compact\"><div class=\"hustle-main-wrapper\"><div class=\"hustle-layout\"><div class=\"hustle-content\"><div class=\"hustle-content-wrap\"><div class=\"hustle-group-title\"><h3 class=\"hustle-title\">\u00bfTodav\u00eda no tienes inquilino en tu piso?<\/h3><h4 class=\"hustle-subtitle\">Te encontramos a tu inquilino solvente gracias al sistema de scoring m\u00e1s potente del mercado<\/h4><\/div><div class=\"hustle-cta-container\"><a class=\"hustle-button hustle-button-cta \" href=\"https:\/\/housfy.com\/alquileres?utm_source=traffic_CTABanner_Embed_blog&#038;utm_medium=CTABanner&#038;utm_campaign=CTABanner_Embed_alquiler_urgencia_blog&#038;utm_term=alquiler_urgencia_CTABanner_Embed_blog\" target=\"_blank\" data-cta-type=\"cta\">\u00a1QUIERO ENCONTRAR INQUILINO!<\/a><\/div><\/div><\/div><\/div><\/div><\/div><\/div><\/div><\/p>\n","protected":false},"excerpt":{"rendered":"<p>Dada la alt\u00edsima demanda de alquiler y la escasa oferta que existe en la ciudad, alquilar tu vivienda en Barcelona siempre ser\u00e1 una elecci\u00f3n acertada, aunque no siempre igual de f\u00e1cil. Cada distrito tiene sus particularidades, y hoy te contamos las ventajas de alquilar tu vivienda en Ciutat Vella, el embri\u00f3n de la moderna Barcelona.&nbsp; Ciutat Vella, el segundo distrito de Barcelona en el que m\u00e1s r\u00e1pido se alquila una vivienda Si entendemos el tiempo que los pisos tardan en alquilarse como reflejo de la demanda, Ciutat Vella no es el distrito de Barcelona con mayor demanda de alquiler, pero <\/p>\n","protected":false},"author":1,"featured_media":51009,"comment_status":"open","ping_status":"open","sticky":false,"template":"","format":"standard","meta":{"footnotes":""},"categories":[135],"tags":[],"class_list":["post-51003","post","type-post","status-publish","format-standard","has-post-thumbnail","hentry","category-alquilar-piso","has_thumb"],"img_url":"https:\/\/static0.housfy.com\/prod\/blog\/images\/2023\/08\/10154154\/alquilar-vivienda-ciutat-vella-barcelona-scaled.jpg","_links":{"self":[{"href":"https:\/\/housfy.com\/blog\/wp-json\/wp\/v2\/posts\/51003","targetHints":{"allow":["GET"]}}],"collection":[{"href":"https:\/\/housfy.com\/blog\/wp-json\/wp\/v2\/posts"}],"about":[{"href":"https:\/\/housfy.com\/blog\/wp-json\/wp\/v2\/types\/post"}],"author":[{"embeddable":true,"href":"https:\/\/housfy.com\/blog\/wp-json\/wp\/v2\/users\/1"}],"replies":[{"embeddable":true,"href":"https:\/\/housfy.com\/blog\/wp-json\/wp\/v2\/comments?post=51003"}],"version-history":[{"count":5,"href":"https:\/\/housfy.com\/blog\/wp-json\/wp\/v2\/posts\/51003\/revisions"}],"predecessor-version":[{"id":51758,"href":"https:\/\/housfy.com\/blog\/wp-json\/wp\/v2\/posts\/51003\/revisions\/51758"}],"wp:featuredmedia":[{"embeddable":true,"href":"https:\/\/housfy.com\/blog\/wp-json\/wp\/v2\/media\/51009"}],"wp:attachment":[{"href":"https:\/\/housfy.com\/blog\/wp-json\/wp\/v2\/media?parent=51003"}],"wp:term":[{"taxonomy":"category","embeddable":true,"href":"https:\/\/housfy.com\/blog\/wp-json\/wp\/v2\/categories?post=51003"},{"taxonomy":"post_tag","embeddable":true,"href":"https:\/\/housfy.com\/blog\/wp-json\/wp\/v2\/tags?post=51003"}],"curies":[{"name":"wp","href":"https:\/\/api.w.org\/{rel}","templated":true}]}}