{"id":6849,"date":"2019-08-15T08:00:15","date_gmt":"2019-08-15T07:00:15","guid":{"rendered":"https:\/\/housfy.com\/blog\/?p=6849"},"modified":"2022-06-17T09:52:34","modified_gmt":"2022-06-17T09:52:34","slug":"espectaculares-casas-frente-al-mar-para-este-verano","status":"publish","type":"post","link":"https:\/\/housfy.com\/blog\/espectaculares-casas-frente-al-mar-para-este-verano\/","title":{"rendered":"Espectaculares casas frente al mar para este verano"},"content":{"rendered":"<p><span style=\"font-weight: 400;\">Todos hemos so\u00f1ado alguna vez en tener una casa frente el mar, poder relajarte en tu terraza o jard\u00edn mientras contemplas las espectaculares vistas y disfrutas de la brisa marina. Para los amantes del mar, hemos hecho este post con <strong><a href=\"https:\/\/housfy.com\/tag\/playas\/casas-frente-al-mar\">casas frente al mar<\/a> <\/strong>que podr\u00e1s encontrar en nuestra cartera.<\/span><\/p>\n<h2><strong><strong>Casas frente al mar<\/strong><\/strong><\/h2>\n<h3>\u00c1tico frente al mar en Eivissa<\/h3>\n<p><span style=\"font-weight: 400;\">En la bella localidad de <\/span><b>Talamanca<\/b><span style=\"font-weight: 400;\">, en Eivissa, encontramos este espl\u00e9ndido \u00e1tico. Decorado con el estilo propio de la isla, con paredes blancas, mucho espacio, un estilo minimalista y de <a href=\"https:\/\/housfy.com\/blog\/espacios-abiertos-unete-a-la-tendencia\/\">concepto abierto.<\/a> Pero lo que nos interesa de esta casa son las vistas, y es que cuenta con el lujo de tener unas espectaculares vistas al mar, de las que podr\u00e1s disfrutar desde la moderna terraza.&nbsp;<\/span><\/p>\n<div id=\"attachment_6842\" style=\"width: 1210px\" class=\"wp-caption aligncenter\"><img decoding=\"async\" aria-describedby=\"caption-attachment-6842\" class=\"size-full wp-image-6842\" src=\"data:image\/gif,GIF89a%01%00%01%00%80%00%00%00%00%00%FF%FF%FF%21%F9%04%01%00%00%00%00%2C%00%00%00%00%01%00%01%00%00%02%01D%00%3B\" data-layzr=\"https:\/\/static0.housfy.com\/prod\/blog\/images\/2019\/08\/08165059\/76536-housfy-20190328-bVIanqguvB-1200x800.jpg\" alt=\"\u00c1tico con terraza en Talamanca\" width=\"1200\" height=\"800\" title=\"- Housfy\"><p id=\"caption-attachment-6842\" class=\"wp-caption-text\">\u00c1tico con terraza en talamanca<\/p><\/div>\n<p>[irp posts=\u00bb3438&#8243; name=\u00bb9 casas minimalistas espectaculares\u00bb]<\/p>\n<h3>Casa con piscina en Mijas<\/h3>\n<p><span style=\"font-weight: 400;\">En una tranquila urbanizaci\u00f3n de <\/span><b>Mijas<\/b><span style=\"font-weight: 400;\">, en M\u00e1laga, encontramos esta espectacular casa con piscina privada y jard\u00edn. Sin duda una vivienda perfecta para el verano, para poder darte un buen chapuz\u00f3n y tomar el sol en el jard\u00edn perfectamente cuidado. \u00bfC\u00f3mo se puede mejorar esto? Con unas magn\u00edficas vistas al mar, desde el amplio balc\u00f3n de la segunda planta puedes disfrutar de unas magn\u00edficas vistas al mar, <a href=\"https:\/\/housfy.com\/blog\/cinco-libros-para-este-sant-jordi\/\">c\u00f3gete un buen libro<\/a> y una tumbona y rel\u00e1jate con estas vistas al mar.<\/span><\/p>\n<div id=\"attachment_6853\" style=\"width: 1210px\" class=\"wp-caption aligncenter\"><a href=\"https:\/\/housfy.com\/venta-inmuebles\"><img decoding=\"async\" aria-describedby=\"caption-attachment-6853\" class=\"size-full wp-image-6853\" src=\"data:image\/gif,GIF89a%01%00%01%00%80%00%00%00%00%00%FF%FF%FF%21%F9%04%01%00%00%00%00%2C%00%00%00%00%01%00%01%00%00%02%01D%00%3B\" data-layzr=\"https:\/\/static0.housfy.com\/prod\/blog\/images\/2019\/08\/09112843\/107521-housfy-20190702-PVD9u3V1IG-1200x800.jpg\" alt=\"Casa frente al mar en Mijas\" width=\"1200\" height=\"800\" title=\"- Housfy\"><\/a><p id=\"caption-attachment-6853\" class=\"wp-caption-text\">Casa frente al mar en mijas<\/p><\/div>\n<p><a href=\"https:\/\/housfy.com\/venta-inmuebles\"><img decoding=\"async\" class=\"size-full wp-image-6854\" src=\"data:image\/gif,GIF89a%01%00%01%00%80%00%00%00%00%00%FF%FF%FF%21%F9%04%01%00%00%00%00%2C%00%00%00%00%01%00%01%00%00%02%01D%00%3B\" data-layzr=\"https:\/\/static0.housfy.com\/prod\/blog\/images\/2019\/08\/09112848\/107521-housfy-20190702-U3VU3B856w-1200x800.jpg\" alt=\"Casa frente al mar en Mijas\" width=\"1200\" height=\"800\" title=\"- Housfy\"><\/a><\/p>\n<p>[irp posts=\u00bb5464&#8243; name=\u00bbLas 5 espectaculares casas de lujo con vistas al mar\u00bb]<\/p>\n<h3>Casas frente al mar: Valencia<\/h3>\n<p><span style=\"font-weight: 400;\">En la localidad del <\/span><b>Perenollet<\/b><span style=\"font-weight: 400;\">, en Valencia, encontramos este acogedor piso decorado con mucha personalidad. Desde el amplio balc\u00f3n podr\u00e1s disfrutar de las vistas del mar.&nbsp;<\/span><\/p>\n<div id=\"attachment_6858\" style=\"width: 1210px\" class=\"wp-caption aligncenter\"><a href=\"https:\/\/housfy.com\/venta-inmuebles\"><img decoding=\"async\" aria-describedby=\"caption-attachment-6858\" class=\"wp-image-6858 size-full\" src=\"data:image\/gif,GIF89a%01%00%01%00%80%00%00%00%00%00%FF%FF%FF%21%F9%04%01%00%00%00%00%2C%00%00%00%00%01%00%01%00%00%02%01D%00%3B\" data-layzr=\"https:\/\/static0.housfy.com\/prod\/blog\/images\/2019\/08\/09113439\/9283-housfy-20180516-Dh1wlT4GB6-1200x800.jpg\" alt=\"Piso en Valencia\" width=\"1200\" height=\"800\" title=\"- Housfy\"><\/a><p id=\"caption-attachment-6858\" class=\"wp-caption-text\">Piso en valencia<\/p><\/div>\n<h3>D\u00faplex con vistas en Sant Pere de Ribes<\/h3>\n<p><span style=\"font-weight: 400;\">En la localidad de <\/span><b>Sant Pere de Ribes<\/b><span style=\"font-weight: 400;\"> encontramos este espl\u00e9ndido d\u00faplex: luminoso, de concepto abierto, muy espacioso, moderno y con una espectacular piscina <a href=\"https:\/\/housfy.com\/blog\/cuanto-se-paga-comunidad-piso\/\">comunitaria<\/a>. No s\u00e9 puede pedir nada m\u00e1s, salvo que esta casa adem\u00e1s cuenta con unas vistas al mar espectaculares. Desde la amplia terraza podr\u00e1s disfrutar de las magn\u00edficas vistas mientras tomas el sol, <a href=\"https:\/\/housfy.com\/blog\/como-crear-un-rincon-de-lectura\/\">lees un buen libro<\/a> o simplemente descansas. Una vivienda perfecta para los amantes del mar.&nbsp;<\/span><\/p>\n<div id=\"attachment_6855\" style=\"width: 1210px\" class=\"wp-caption aligncenter\"><a href=\"https:\/\/housfy.com\/venta-inmuebles\"><img decoding=\"async\" aria-describedby=\"caption-attachment-6855\" class=\"wp-image-6855 size-full\" src=\"data:image\/gif,GIF89a%01%00%01%00%80%00%00%00%00%00%FF%FF%FF%21%F9%04%01%00%00%00%00%2C%00%00%00%00%01%00%01%00%00%02%01D%00%3B\" data-layzr=\"https:\/\/static0.housfy.com\/prod\/blog\/images\/2019\/08\/09113248\/86886-housfy-20190530-m5RLrAwPsY-1200x800.jpg\" alt=\"Casas frente al mar\" width=\"1200\" height=\"800\" title=\"- Housfy\"><\/a><p id=\"caption-attachment-6855\" class=\"wp-caption-text\">D\u00faplex en sant pere de ribes<\/p><\/div>\n<div id=\"attachment_6856\" style=\"width: 1210px\" class=\"wp-caption aligncenter\"><a href=\"https:\/\/housfy.com\/venta-inmuebles\"><img decoding=\"async\" aria-describedby=\"caption-attachment-6856\" class=\"size-full wp-image-6856\" src=\"data:image\/gif,GIF89a%01%00%01%00%80%00%00%00%00%00%FF%FF%FF%21%F9%04%01%00%00%00%00%2C%00%00%00%00%01%00%01%00%00%02%01D%00%3B\" data-layzr=\"https:\/\/static0.housfy.com\/prod\/blog\/images\/2019\/08\/09113250\/86886-housfy-20190530-ai5PyrbVuT-1200x800.jpg\" alt=\"D\u00faplex en Sant Pere de Ribes\" width=\"1200\" height=\"800\" title=\"- Housfy\"><\/a><p id=\"caption-attachment-6856\" class=\"wp-caption-text\">D\u00faplex en sant pere de ribes<\/p><\/div>\n<p>Para los amantes del mar os hemos querido ofrecer estas viviendas en las que podr\u00e1s disfrutar de las espectaculares vistas mientras desconectas. Un aut\u00e9ntico lujo y privilegio poder tener una casa frente al mar y m\u00e1s a\u00fan si son tan espectaculares como estas.<\/p>\n<p><strong>&lt;\/h2<\/strong><\/p>\n","protected":false},"excerpt":{"rendered":"<p>Todos hemos so\u00f1ado alguna vez en tener una casa frente el mar, poder relajarte en tu terraza o jard\u00edn mientras contemplas las espectaculares vistas y disfrutas de la brisa marina. Para los amantes del mar, hemos hecho este post con casas frente al mar que podr\u00e1s encontrar en nuestra cartera. Casas frente al mar \u00c1tico frente al mar en Eivissa En la bella localidad de Talamanca, en Eivissa, encontramos este espl\u00e9ndido \u00e1tico. Decorado con el estilo propio de la isla, con paredes blancas, mucho espacio, un estilo minimalista y de concepto abierto. Pero lo que nos interesa de esta casa <\/p>\n","protected":false},"author":1,"featured_media":6853,"comment_status":"open","ping_status":"open","sticky":false,"template":"","format":"standard","meta":{"footnotes":""},"categories":[125],"tags":[575],"class_list":["post-6849","post","type-post","status-publish","format-standard","has-post-thumbnail","hentry","category-top-housfy","tag-espana","has_thumb"],"img_url":"https:\/\/static0.housfy.com\/prod\/blog\/images\/2019\/08\/09112843\/107521-housfy-20190702-PVD9u3V1IG-1200x800.jpg","_links":{"self":[{"href":"https:\/\/housfy.com\/blog\/wp-json\/wp\/v2\/posts\/6849","targetHints":{"allow":["GET"]}}],"collection":[{"href":"https:\/\/housfy.com\/blog\/wp-json\/wp\/v2\/posts"}],"about":[{"href":"https:\/\/housfy.com\/blog\/wp-json\/wp\/v2\/types\/post"}],"author":[{"embeddable":true,"href":"https:\/\/housfy.com\/blog\/wp-json\/wp\/v2\/users\/1"}],"replies":[{"embeddable":true,"href":"https:\/\/housfy.com\/blog\/wp-json\/wp\/v2\/comments?post=6849"}],"version-history":[{"count":20,"href":"https:\/\/housfy.com\/blog\/wp-json\/wp\/v2\/posts\/6849\/revisions"}],"predecessor-version":[{"id":36566,"href":"https:\/\/housfy.com\/blog\/wp-json\/wp\/v2\/posts\/6849\/revisions\/36566"}],"wp:featuredmedia":[{"embeddable":true,"href":"https:\/\/housfy.com\/blog\/wp-json\/wp\/v2\/media\/6853"}],"wp:attachment":[{"href":"https:\/\/housfy.com\/blog\/wp-json\/wp\/v2\/media?parent=6849"}],"wp:term":[{"taxonomy":"category","embeddable":true,"href":"https:\/\/housfy.com\/blog\/wp-json\/wp\/v2\/categories?post=6849"},{"taxonomy":"post_tag","embeddable":true,"href":"https:\/\/housfy.com\/blog\/wp-json\/wp\/v2\/tags?post=6849"}],"curies":[{"name":"wp","href":"https:\/\/api.w.org\/{rel}","templated":true}]}}