{"id":9961,"date":"2019-11-20T19:24:32","date_gmt":"2019-11-20T18:24:32","guid":{"rendered":"https:\/\/housfy.com\/blog\/?p=9961"},"modified":"2022-06-17T09:55:20","modified_gmt":"2022-06-17T09:55:20","slug":"estudio-de-arquitectura-mas-relevantes-de-espana","status":"publish","type":"post","link":"https:\/\/housfy.com\/blog\/estudio-de-arquitectura-mas-relevantes-de-espana\/","title":{"rendered":"Estudio de arquitectura: Los m\u00e1s relevantes de Espa\u00f1a"},"content":{"rendered":"<p>En el estudio de arquitectura es donde se dise\u00f1an todos los proyectos arquitect\u00f3nicos. Desde grandes obras como puentes, museos o rascacielos, hasta carism\u00e1ticas, modernas y acogedoras <a href=\"https:\/\/housfy.com\/venta-casas\"><strong>casas y viviendas unifamiliares<\/strong><\/a>. Nuestra arquitectura ha alcanzado fama mundial. Gana concursos y marca tendencia. Por esto hoy, hacemos nuestro <strong>ranking particular de los estudios de arquitectura m\u00e1s relevantes de Espa\u00f1a<\/strong>.<\/p>\n<h2>Cadaval &amp; Sol\u00e0-Morales<\/h2>\n<p>Los arquitectos <strong>Clara Sol\u00e0-Morales y Eduardo Cadaval<\/strong> fundaron este estudio de arquitectura en Nueva York en 2005. Dos a\u00f1os despu\u00e9s se mud\u00f3 a Barcelona y ya lleva m\u00e1s de una d\u00e9cada en la ciudad condal. En este tiempo <strong>su obra ha sido expuesta en el Bienal de arquitectura de Venecia<\/strong> y han ganado prestigiosos premios. Entre estos se encuentran, por ejemplo, el premio Bauwelt, el Design Vanguard Award, o el premio Joves Arquitectes del Colegio de arquitectos de Catalu\u00f1a. Si encargas la <strong>construcci\u00f3n de una vivienda<\/strong> a este estudio de arquitectura, seguro que <strong>el resultado no te defrauda<\/strong>. Y si no me cre\u00e9is, mirad esta maravilla en medio de los Pirineos.<\/p>\n<div id=\"attachment_9969\" style=\"width: 770px\" class=\"wp-caption aligncenter\"><img decoding=\"async\" aria-describedby=\"caption-attachment-9969\" class=\"wp-image-9969\" src=\"data:image\/gif,GIF89a%01%00%01%00%80%00%00%00%00%00%FF%FF%FF%21%F9%04%01%00%00%00%00%2C%00%00%00%00%01%00%01%00%00%02%01D%00%3B\" data-layzr=\"https:\/\/static0.housfy.com\/prod\/blog\/images\/2019\/11\/20191129\/Cadaval-Sol%C3%A0-Morales-1024x683.jpg\" alt=\"Estudio de Arquitectura\" width=\"760\" height=\"507\" title=\"- Housfy\"><p id=\"caption-attachment-9969\" class=\"wp-caption-text\">Casa en los pirineos del estudio cadaval &amp; sol\u00e0-morales &#8211; fuente: ca-so. Com<\/p><\/div>\n<h2>Estudio de arquitectura Dosmasuno arquitectos<\/h2>\n<p>Como su nombre indica, este estudio de arquitectura ubicado en Madrid lo integran <strong>3 arquitectos<\/strong>: Ignacio Borrego, Lina Toro y N\u00e9stor Montenegro. El estudio se fund\u00f3 en el a\u00f1o 2003 y pese a su corta trayectoria ya tienen <strong>reconocimiento internacional<\/strong>. Entre sus obras m\u00e1s famosas se encuentran las <strong>102 viviendas en Carabanchel<\/strong>. Un complejo residencial que no deja indiferente a nadie.<\/p>\n<div id=\"attachment_9968\" style=\"width: 770px\" class=\"wp-caption aligncenter\"><img decoding=\"async\" aria-describedby=\"caption-attachment-9968\" class=\"wp-image-9968\" src=\"data:image\/gif,GIF89a%01%00%01%00%80%00%00%00%00%00%FF%FF%FF%21%F9%04%01%00%00%00%00%2C%00%00%00%00%01%00%01%00%00%02%01D%00%3B\" data-layzr=\"https:\/\/static0.housfy.com\/prod\/blog\/images\/2019\/11\/20190955\/102-viviendas-1-1024x514.jpg\" alt=\"Estudio de arquitectura\" width=\"760\" height=\"381\" title=\"- Housfy\"><p id=\"caption-attachment-9968\" class=\"wp-caption-text\">102 viviendas en carabanchel. Dosmasuno arquitectura &#8211; fuente: ignacioborrego. Com<\/p><\/div>\n<h2>Estudio de arquitectura No.Mad.<\/h2>\n<p>Nos quedamos en Madrid para conocer el trabajo de Eduardo Arroyo. Este arquitecto Bilba\u00edno es el fundador del <strong>Estudio de arquitectura No.Mad<\/strong>. Un concepto diferente de arquitectura que se extiende por toda Europa a trav\u00e9s de sus Obras. Las<strong> geometr\u00edas imposibles<\/strong> presiden su obra. Podemos encontrar un ejemplo de ello en la<strong> Levene House<\/strong>, ubicada en <a href=\"https:\/\/housfy.com\/venta-inmuebles\/madrid\/escorial-el\"><strong>El Escorial<\/strong><\/a>.<\/p>\n<div id=\"attachment_9966\" style=\"width: 770px\" class=\"wp-caption aligncenter\"><img decoding=\"async\" aria-describedby=\"caption-attachment-9966\" class=\"wp-image-9966\" src=\"data:image\/gif,GIF89a%01%00%01%00%80%00%00%00%00%00%FF%FF%FF%21%F9%04%01%00%00%00%00%2C%00%00%00%00%01%00%01%00%00%02%01D%00%3B\" data-layzr=\"https:\/\/static0.housfy.com\/prod\/blog\/images\/2019\/11\/20190636\/Levene-House-1024x682.jpg\" alt=\"Estudio de arquitectura\" width=\"760\" height=\"507\" title=\"- Housfy\"><p id=\"caption-attachment-9966\" class=\"wp-caption-text\">Levene house en el escorial. Fuente: archello. Com<\/p><\/div>\n<h2>Cloud 9 Arquitectura<\/h2>\n<p><a href=\"https:\/\/housfy.com\/blog\/casas-ecologicas-arquitectura-sostenible-para-el-medio-ambiente\/\"><strong>Una apuesta fuerte por la sostenibilidad<\/strong><\/a>. Este estudio de arquitectura Barcelon\u00e9s apuesta por <strong>mezclar arquitectura, arte e innovaci\u00f3n<\/strong>. Entre sus mejores obras se encuentran: <strong>Villa Nurbs<\/strong>, Una casa totalmente ecol\u00f3gica y futur\u00edstica en Empuriabrava, el <strong>Bulli Foundation<\/strong> en el \u00abCap de Creus\u00bb y el <strong>edificio Media-ICT<\/strong> en Barcelona. Este \u00faltimo gan\u00f3 en 2011 el premio al mejor edificio del mundo otorgado por WAF.<\/p>\n<div id=\"attachment_9965\" style=\"width: 770px\" class=\"wp-caption aligncenter\"><img decoding=\"async\" aria-describedby=\"caption-attachment-9965\" class=\"wp-image-9965\" src=\"data:image\/gif,GIF89a%01%00%01%00%80%00%00%00%00%00%FF%FF%FF%21%F9%04%01%00%00%00%00%2C%00%00%00%00%01%00%01%00%00%02%01D%00%3B\" data-layzr=\"https:\/\/static0.housfy.com\/prod\/blog\/images\/2019\/11\/20190536\/Media-ICT.jpg\" alt=\"Media ICT\" width=\"760\" height=\"537\" title=\"- Housfy\"><p id=\"caption-attachment-9965\" class=\"wp-caption-text\">Edificio media ict. Ganador premio al mejor edificio del mundo. Fuente: reuiz-geli. Com<\/p><\/div>\n<h2>Estudio de arquitectura V\u00e1zquez Consuegra<\/h2>\n<p>En el mundo de la arquitectura no todo son edificaciones. Las <strong>rehabilitaciones tambi\u00e9n ocupan un espacio importante<\/strong> en el sector. Y en este \u00e1mbito, el arquitecto Sevillano, <strong>Guillermo V\u00e1zquez Consuegra<\/strong> es un aut\u00e9ntico <strong>experto<\/strong>. Aunque el se especialice en este campo su estudio de arquitectura ha desempe\u00f1ado cantidad de proyectos y ha sido galardonado con numerosos premios. Entre sus <strong>obras m\u00e1s destacadas<\/strong> podemos encontrar <a href=\"https:\/\/housfy.com\/reformas\"><strong>la reforma integral<\/strong> <\/a>del <strong>parlamento austriaco<\/strong> en Viena el a\u00f1o 2014 o <strong>el Museo del Mar en Trieste<\/strong>, Italia.<\/p>\n<div id=\"attachment_9963\" style=\"width: 770px\" class=\"wp-caption aligncenter\"><img decoding=\"async\" aria-describedby=\"caption-attachment-9963\" class=\"wp-image-9963\" src=\"data:image\/gif,GIF89a%01%00%01%00%80%00%00%00%00%00%FF%FF%FF%21%F9%04%01%00%00%00%00%2C%00%00%00%00%01%00%01%00%00%02%01D%00%3B\" data-layzr=\"https:\/\/static0.housfy.com\/prod\/blog\/images\/2019\/11\/20190253\/Parlamento-austr%C3%ADaco-vazquezconsuegra-1.jpg\" alt=\"Estudio de arquitectura\" width=\"760\" height=\"424\" title=\"- Housfy\"><p id=\"caption-attachment-9963\" class=\"wp-caption-text\">Reforma terraza del parlamento austriaco. Arquitecto v\u00e1zquez consuegra &#8211; fuente: vazquezconsuegra. Com<\/p><\/div>\n<p>&nbsp;<\/p>\n","protected":false},"excerpt":{"rendered":"<p>En el estudio de arquitectura es donde se dise\u00f1an todos los proyectos arquitect\u00f3nicos. Desde grandes obras como puentes, museos o rascacielos, hasta carism\u00e1ticas, modernas y acogedoras casas y viviendas unifamiliares. Nuestra arquitectura ha alcanzado fama mundial. Gana concursos y marca tendencia. Por esto hoy, hacemos nuestro ranking particular de los estudios de arquitectura m\u00e1s relevantes de Espa\u00f1a. Cadaval &amp; Sol\u00e0-Morales Los arquitectos Clara Sol\u00e0-Morales y Eduardo Cadaval fundaron este estudio de arquitectura en Nueva York en 2005. Dos a\u00f1os despu\u00e9s se mud\u00f3 a Barcelona y ya lleva m\u00e1s de una d\u00e9cada en la ciudad condal. En este tiempo su obra <\/p>\n","protected":false},"author":1,"featured_media":9970,"comment_status":"open","ping_status":"open","sticky":false,"template":"","format":"standard","meta":{"footnotes":""},"categories":[127],"tags":[575],"class_list":["post-9961","post","type-post","status-publish","format-standard","has-post-thumbnail","hentry","category-construccion","tag-espana","has_thumb"],"img_url":"https:\/\/static0.housfy.com\/prod\/blog\/images\/2019\/11\/20192333\/estudio-de-arquitectura.png","_links":{"self":[{"href":"https:\/\/housfy.com\/blog\/wp-json\/wp\/v2\/posts\/9961","targetHints":{"allow":["GET"]}}],"collection":[{"href":"https:\/\/housfy.com\/blog\/wp-json\/wp\/v2\/posts"}],"about":[{"href":"https:\/\/housfy.com\/blog\/wp-json\/wp\/v2\/types\/post"}],"author":[{"embeddable":true,"href":"https:\/\/housfy.com\/blog\/wp-json\/wp\/v2\/users\/1"}],"replies":[{"embeddable":true,"href":"https:\/\/housfy.com\/blog\/wp-json\/wp\/v2\/comments?post=9961"}],"version-history":[{"count":4,"href":"https:\/\/housfy.com\/blog\/wp-json\/wp\/v2\/posts\/9961\/revisions"}],"predecessor-version":[{"id":36573,"href":"https:\/\/housfy.com\/blog\/wp-json\/wp\/v2\/posts\/9961\/revisions\/36573"}],"wp:featuredmedia":[{"embeddable":true,"href":"https:\/\/housfy.com\/blog\/wp-json\/wp\/v2\/media\/9970"}],"wp:attachment":[{"href":"https:\/\/housfy.com\/blog\/wp-json\/wp\/v2\/media?parent=9961"}],"wp:term":[{"taxonomy":"category","embeddable":true,"href":"https:\/\/housfy.com\/blog\/wp-json\/wp\/v2\/categories?post=9961"},{"taxonomy":"post_tag","embeddable":true,"href":"https:\/\/housfy.com\/blog\/wp-json\/wp\/v2\/tags?post=9961"}],"curies":[{"name":"wp","href":"https:\/\/api.w.org\/{rel}","templated":true}]}}